{"id":4892,"date":"2024-09-06T20:17:07","date_gmt":"2024-09-06T19:17:07","guid":{"rendered":"https:\/\/toshareproject.it\/artmakerblog\/?p=4892"},"modified":"2024-09-06T20:17:07","modified_gmt":"2024-09-06T19:17:07","slug":"transmediale-open-call-for-residencies","status":"publish","type":"post","link":"https:\/\/toshareproject.it\/artmakerblog\/transmediale-open-call-for-residencies\/","title":{"rendered":"Transmediale Open Call for Residencies"},"content":{"rendered":"\n<p>** Open Call Residencies 2025<br \/>\n&#8212;&#8212;&#8212;&#8212;&#8212;&#8212;&#8212;&#8212;&#8212;&#8212;&#8212;&#8212;&#8212;&#8212;&#8212;&#8212;&#8212;&#8212;&#8212;&#8212;<br \/>\ntransmediale is collaborating with one local and three international partners, offering various residency opportunities for next year. The residency programme is part of transmediale&#8217;s core activities to establish more sustainable practices and long-term relationships with artists and its community. This year we warmly invite applications for the following programmes:<\/p>\n<p>** Digital Art Residency with Pro Helvetia<br \/>\n&#8212;&#8212;&#8212;&#8212;&#8212;&#8212;&#8212;&#8212;&#8212;&#8212;&#8212;&#8212;&#8212;&#8212;&#8212;&#8212;&#8212;&#8212;&#8212;&#8212;<br \/>\n2 Swiss or Switzerland based artists (http:\/\/transmediale.de\/en\/news\/digital-art-residency-2025)<\/p>\n<p>** transmediale x ARKO Residency<br \/>\n&#8212;&#8212;&#8212;&#8212;&#8212;&#8212;&#8212;&#8212;&#8212;&#8212;&#8212;&#8212;&#8212;&#8212;&#8212;&#8212;&#8212;&#8212;&#8212;&#8212;<br \/>\n1 Korean artist, based in Korea or elsewhere (https:\/\/transmediale.de\/en\/news\/transmediale-x-arko-2025)<\/p>\n<p>** Vil\u00e9m Flusser Residency for Artistic Research<br \/>\n&#8212;&#8212;&#8212;&#8212;&#8212;&#8212;&#8212;&#8212;&#8212;&#8212;&#8212;&#8212;&#8212;&#8212;&#8212;&#8212;&#8212;&#8212;&#8212;&#8212;<br \/>\n1 artist based in Berlin (https:\/\/transmediale.de\/en\/news\/vilem-flusser-residency-2025)<\/p>\n<p>** transmediale x Chile Residency<br \/>\n&#8212;&#8212;&#8212;&#8212;&#8212;&#8212;&#8212;&#8212;&#8212;&#8212;&#8212;&#8212;&#8212;&#8212;&#8212;&#8212;&#8212;&#8212;&#8212;&#8212;<br \/>\n1 Chilean artist, based in Chile or elsewhere (https:\/\/transmediale.de\/de\/news\/transmediale-x-chile-2025)<br \/>\nEach programme is subject to different conditions. Please check the individual pages for each residency programme.<\/p>\n<p>Open Calls 2025 (https:\/\/transmediale.de\/en\/news\/open-calls-residents-2025)<\/p>\n<p>** SAVE THE DATE<br \/>\n&#8212;&#8212;&#8212;&#8212;&#8212;&#8212;&#8212;&#8212;&#8212;&#8212;&#8212;&#8212;&#8212;&#8212;&#8212;&#8212;&#8212;&#8212;&#8212;&#8212;<br \/>\ntransmediale 2025<\/p>\n<p>29 Jan \u2013 2 Feb, 2025<br \/>\nMore information will be announced by the end of the month.<\/p>\n<p>** ANNOUNCEMENT<br \/>\n&#8212;&#8212;&#8212;&#8212;&#8212;&#8212;&#8212;&#8212;&#8212;&#8212;&#8212;&#8212;&#8212;&#8212;&#8212;&#8212;&#8212;&#8212;&#8212;&#8212;<\/p>\n<p>** N\u00f3ra O\u2019 Murch\u00fa concludes her tenure as artistic director<br \/>\n&#8212;&#8212;&#8212;&#8212;&#8212;&#8212;&#8212;&#8212;&#8212;&#8212;&#8212;&#8212;&#8212;&#8212;&#8212;&#8212;&#8212;&#8212;&#8212;&#8212;<br \/>\nN\u00f3ra O\u2019 Murch\u00fa served as the first female artistic director in the festival\u2019s 37-year-long history. During her four years of directorship, she remapped the festival\u2019s position as a leading space for critical thought on technology and digital culture. The transmediale team is deeply grateful to N\u00f3ra O\u2019 Murch\u00fa for her extraordinary commitment to the festival and wishes her all the best in her future endeavours.<br \/>\nFull Announcement (https:\/\/transmediale.de\/en\/news\/artistic-director-concluded-tenure)<\/p>\n<p>** STUDIO EVENT<br \/>\n&#8212;&#8212;&#8212;&#8212;&#8212;&#8212;&#8212;&#8212;&#8212;&#8212;&#8212;&#8212;&#8212;&#8212;&#8212;&#8212;&#8212;&#8212;&#8212;&#8212;<\/p>\n<p>** Libraries of Rest<br \/>\n&#8212;&#8212;&#8212;&#8212;&#8212;&#8212;&#8212;&#8212;&#8212;&#8212;&#8212;&#8212;&#8212;&#8212;&#8212;&#8212;&#8212;&#8212;&#8212;&#8212;<\/p>\n<p>** Exhibition at transmediale studio<br \/>\n&#8212;&#8212;&#8212;&#8212;&#8212;&#8212;&#8212;&#8212;&#8212;&#8212;&#8212;&#8212;&#8212;&#8212;&#8212;&#8212;&#8212;&#8212;&#8212;&#8212;<br \/>\nOpening: September 11, 18-20:00<br \/>\nOpening hours: September 11-22, Wed-Sun 12\u201319:00<br \/>\nVisit transmediale studio for the exhibition Libraries of Rest by Irish artist Ciara Barker during Berlin Art Week. Curated by Aoife Donnellan and with a soundscape by Mankyy, the exhibition facilitates the creation of a shared resource of ideas for methods of rest, inviting visitors to imagine the future of restful spaces and practices by cultivating an environment where care is prioritised.<br \/>\nLibraries of Rest (https:\/\/www.zeitgeistirland24.com\/event\/libraries-of-rest\/)<br \/>\nFollow us on Telegram (https:\/\/t.me\/transmediale)<br \/>\nDeutsche Version<br \/>\nDas transmediale Residency Programm geht in die n\u00e4chste Runde. Wir k\u00fcnden das Datum der n\u00e4chsten Festivalausgabe sowie eine Ausstellung im studio w\u00e4hrend der Berlin Art Week an. Ein gro\u00dfes Dankesch\u00f6n geht an N\u00f3ra O\u2019 Murch\u00fa, die ihre Zeit als k\u00fcnstlerische Leitung der transmediale diesen Sommer beendet hat.<\/p>\n<p>** Open Call Residencies 2025<br \/>\n&#8212;&#8212;&#8212;&#8212;&#8212;&#8212;&#8212;&#8212;&#8212;&#8212;&#8212;&#8212;&#8212;&#8212;&#8212;&#8212;&#8212;&#8212;&#8212;&#8212;<br \/>\nF\u00fcr Residency Aufenthalte in Berlin in 2025 kooperiert transmediale mit drei internationalen und einem lokalen Partner. Das Residency Programm hat sich zu einer der Kernaktivit\u00e4ten von transmediale entwickelt und f\u00f6rdert langfristige Beziehungen zu K\u00fcnstler:nnen und innerhalb der Community des Festivals. In diesem Jahr laden wir zu Einreichungen f\u00fcr die folgenden Programme ein:<\/p>\n<p>** Digital Art Residency in Kooperation mit Pro Helvetia<br \/>\n&#8212;&#8212;&#8212;&#8212;&#8212;&#8212;&#8212;&#8212;&#8212;&#8212;&#8212;&#8212;&#8212;&#8212;&#8212;&#8212;&#8212;&#8212;&#8212;&#8212;<br \/>\n2 Schweizer oder in der Schweiz ans\u00e4ssige K\u00fcnstler:innen (http:\/\/transmediale.de\/en\/news\/digital-art-residency-2025)<\/p>\n<p>** transmediale x ARKO Residency<br \/>\n&#8212;&#8212;&#8212;&#8212;&#8212;&#8212;&#8212;&#8212;&#8212;&#8212;&#8212;&#8212;&#8212;&#8212;&#8212;&#8212;&#8212;&#8212;&#8212;&#8212;<br \/>\n1 koreanische\/r K\u00fcnstler:in mit Wohnsitz in Korea oder international (https:\/\/transmediale.de\/en\/news\/transmediale-x-arko-2025)<\/p>\n<p>** Vil\u00e9m Flusser Residency for Artistic Research in Kooperation mit der Universit\u00e4t der K\u00fcnste Berlin<br \/>\n&#8212;&#8212;&#8212;&#8212;&#8212;&#8212;&#8212;&#8212;&#8212;&#8212;&#8212;&#8212;&#8212;&#8212;&#8212;&#8212;&#8212;&#8212;&#8212;&#8212;<br \/>\n1 in Berlin ans\u00e4ssige K\u00fcnstler:in (https:\/\/transmediale.de\/en\/news\/vilem-flusser-residency-2025)<\/p>\n<p>** transmediale x Chile Residency<br \/>\n&#8212;&#8212;&#8212;&#8212;&#8212;&#8212;&#8212;&#8212;&#8212;&#8212;&#8212;&#8212;&#8212;&#8212;&#8212;&#8212;&#8212;&#8212;&#8212;&#8212;<br \/>\n1 chilenische\/r K\u00fcnstler:in mit Wohnsitz in Chile oder international (https:\/\/transmediale.de\/de\/news\/transmediale-x-chile-2025)<br \/>\nJede Ausschreibung unterliegt spezifischen Bedingungen, die in den jeweiligen Webseiten gelistet sind.<\/p>\n<p>Open Calls 2025 (https:\/\/transmediale.de\/en\/news\/open-calls-residents-2025)<\/p>\n<p>** SAVE THE DATE<br \/>\n&#8212;&#8212;&#8212;&#8212;&#8212;&#8212;&#8212;&#8212;&#8212;&#8212;&#8212;&#8212;&#8212;&#8212;&#8212;&#8212;&#8212;&#8212;&#8212;&#8212;<br \/>\ntransmediale 2025<\/p>\n<p>29 Jan \u2013 2 Feb, 2025<br \/>\nWeitere Informationen werden Ende des Monats bekannt gegeben.<\/p>\n<p>** N\u00f3ra O\u2019 Murch\u00fa beendet ihre Amtszeit als k\u00fcnstlerische Leitung<br \/>\n&#8212;&#8212;&#8212;&#8212;&#8212;&#8212;&#8212;&#8212;&#8212;&#8212;&#8212;&#8212;&#8212;&#8212;&#8212;&#8212;&#8212;&#8212;&#8212;&#8212;<br \/>\nN\u00f3ra O\u2019 Murch\u00fa hat sich als erste weibliche k\u00fcnstlerische Leitung in die 37-j\u00e4hrige Geschichte des Festivals eingeschrieben. Sie hat die Stellung des Festivals als Vorreiter f\u00fcr kritisches Denken \u00fcber Technologie und digitale Kultur weiter vorangef\u00fchrt und ma\u00dfgeblich gepr\u00e4gt. Das transmediale Team ist N\u00f3ra O\u2019 Murch\u00fa f\u00fcr ihr au\u00dfergew\u00f6hnliches Engagement f\u00fcr das Festival zutiefst dankbar und w\u00fcnscht ihr alles Gute f\u00fcr zuk\u00fcnftige Projekte.<\/p>\n<p>Full Announcement (https:\/\/transmediale.de\/de\/news\/artistic-director-concluded-tenure)<\/p>\n<p>** STUDIO EVENT<br \/>\n&#8212;&#8212;&#8212;&#8212;&#8212;&#8212;&#8212;&#8212;&#8212;&#8212;&#8212;&#8212;&#8212;&#8212;&#8212;&#8212;&#8212;&#8212;&#8212;&#8212;<\/p>\n<p>** Libraries of Rest<br \/>\n&#8212;&#8212;&#8212;&#8212;&#8212;&#8212;&#8212;&#8212;&#8212;&#8212;&#8212;&#8212;&#8212;&#8212;&#8212;&#8212;&#8212;&#8212;&#8212;&#8212;<\/p>\n<p>** Ausstellung im transmediale studio<br \/>\n&#8212;&#8212;&#8212;&#8212;&#8212;&#8212;&#8212;&#8212;&#8212;&#8212;&#8212;&#8212;&#8212;&#8212;&#8212;&#8212;&#8212;&#8212;&#8212;&#8212;<br \/>\nEr\u00f6ffnung: 11. September, 18-20:00<br \/>\n\u00d6ffnungszeiten: 11.-22- September, Mi-So 12\u201319:00<br \/>\nDie Ausstellung Libraries of Rest der irischen K\u00fcnstlerin Ciara Barker, mit einem Soundscape von Mankyy und kuratiert von Aoife Donnellan, findet w\u00e4hrend der Berlin Art Week im transmediale studio statt. Die Installation l\u00e4dt Besuchende ein, sich m\u00f6gliche Zukunftsszenarien von Ruhe- und Erholungsr\u00e4umen und -praktiken vorzustellen. Libraries of Rest kultiviert eine Umgebung, in der F\u00fcrsorge an erster Stelle steht.<\/p>\n<p>Libraries of Rest (https:\/\/www.zeitgeistirland24.com\/de\/event\/libraries-of-rest\/)<br \/>\nFollow us on Telegram (https:\/\/t.me\/transmediale)<br \/>\nDie Kulturstiftung des Bundes f\u00f6rdert die transmediale bereits seit 2004<br \/>\nals kulturelle Spitzeneinrichtung.<\/p>\n<p>transmediale is funded as a cultural institution of excellence by the Kulturstiftung des Bundes (German Federal Cultural Foundation) since 2004.<\/p>\n","protected":false},"excerpt":{"rendered":"<p>** Open Call Residencies 2025 &#8212;&#8212;&#8212;&#8212;&#8212;&#8212;&#8212;&#8212;&#8212;&#8212;&#8212;&#8212;&#8212;&#8212;&#8212;&#8212;&#8212;&#8212;&#8212;&#8212; transmediale is collaborating with one local and three international partners, offering various residency opportunities for next year. The residency programme is part of transmediale&#8217;s core activities to establish more sustainable practices and long-term relationships with artists and its community. This year we warmly invite applications for the following programmes: [&hellip;]<\/p>\n","protected":false},"author":2,"featured_media":0,"comment_status":"open","ping_status":"open","sticky":false,"template":"","format":"standard","meta":{"footnotes":""},"categories":[1],"tags":[],"class_list":["post-4892","post","type-post","status-publish","format-standard","hentry","category-uncategorised"],"yoast_head":"<!-- This site is optimized with the Yoast SEO plugin v17.0 - https:\/\/yoast.com\/wordpress\/plugins\/seo\/ -->\n<title>Transmediale Open Call for Residencies | Artmaker Blog<\/title>\n<meta name=\"description\" content=\"Transmediale Open Call for Residencies | Artmaker Blog\" \/>\n<meta name=\"robots\" content=\"index, follow, max-snippet:-1, max-image-preview:large, max-video-preview:-1\" \/>\n<link rel=\"canonical\" href=\"https:\/\/toshareproject.it\/artmakerblog\/transmediale-open-call-for-residencies\/\" \/>\n<meta property=\"og:locale\" content=\"en_GB\" \/>\n<meta property=\"og:type\" content=\"article\" \/>\n<meta property=\"og:title\" content=\"Transmediale Open Call for Residencies | Artmaker Blog\" \/>\n<meta property=\"og:description\" content=\"Transmediale Open Call for Residencies | Artmaker Blog\" \/>\n<meta property=\"og:url\" content=\"https:\/\/toshareproject.it\/artmakerblog\/transmediale-open-call-for-residencies\/\" \/>\n<meta property=\"og:site_name\" content=\"Artmaker Blog\" \/>\n<meta property=\"article:published_time\" content=\"2024-09-06T19:17:07+00:00\" \/>\n<meta name=\"twitter:card\" content=\"summary_large_image\" \/>\n<meta name=\"twitter:label1\" content=\"Written by\" \/>\n\t<meta name=\"twitter:data1\" content=\"Bruce Sterling\" \/>\n\t<meta name=\"twitter:label2\" content=\"Estimated reading time\" \/>\n\t<meta name=\"twitter:data2\" content=\"4 minutes\" \/>\n<script type=\"application\/ld+json\" class=\"yoast-schema-graph\">{\"@context\":\"https:\/\/schema.org\",\"@graph\":[{\"@type\":\"WebSite\",\"@id\":\"https:\/\/toshareproject.it\/artmakerblog\/#website\",\"url\":\"https:\/\/toshareproject.it\/artmakerblog\/\",\"name\":\"Artmaker Blog\",\"description\":\"on Toshareproject.it - curated by Bruce Sterling\",\"potentialAction\":[{\"@type\":\"SearchAction\",\"target\":{\"@type\":\"EntryPoint\",\"urlTemplate\":\"https:\/\/toshareproject.it\/artmakerblog\/?s={search_term_string}\"},\"query-input\":\"required name=search_term_string\"}],\"inLanguage\":\"en-GB\"},{\"@type\":\"WebPage\",\"@id\":\"https:\/\/toshareproject.it\/artmakerblog\/transmediale-open-call-for-residencies\/#webpage\",\"url\":\"https:\/\/toshareproject.it\/artmakerblog\/transmediale-open-call-for-residencies\/\",\"name\":\"Transmediale Open Call for Residencies | Artmaker Blog\",\"isPartOf\":{\"@id\":\"https:\/\/toshareproject.it\/artmakerblog\/#website\"},\"datePublished\":\"2024-09-06T19:17:07+00:00\",\"dateModified\":\"2024-09-06T19:17:07+00:00\",\"author\":{\"@id\":\"https:\/\/toshareproject.it\/artmakerblog\/#\/schema\/person\/6f20726ed2761431f3e0ff4e096c3085\"},\"description\":\"Transmediale Open Call for Residencies | Artmaker Blog\",\"breadcrumb\":{\"@id\":\"https:\/\/toshareproject.it\/artmakerblog\/transmediale-open-call-for-residencies\/#breadcrumb\"},\"inLanguage\":\"en-GB\",\"potentialAction\":[{\"@type\":\"ReadAction\",\"target\":[\"https:\/\/toshareproject.it\/artmakerblog\/transmediale-open-call-for-residencies\/\"]}]},{\"@type\":\"BreadcrumbList\",\"@id\":\"https:\/\/toshareproject.it\/artmakerblog\/transmediale-open-call-for-residencies\/#breadcrumb\",\"itemListElement\":[{\"@type\":\"ListItem\",\"position\":1,\"name\":\"Home\",\"item\":\"https:\/\/toshareproject.it\/artmakerblog\/\"},{\"@type\":\"ListItem\",\"position\":2,\"name\":\"Transmediale Open Call for Residencies\"}]},{\"@type\":\"Person\",\"@id\":\"https:\/\/toshareproject.it\/artmakerblog\/#\/schema\/person\/6f20726ed2761431f3e0ff4e096c3085\",\"name\":\"Bruce Sterling\",\"image\":{\"@type\":\"ImageObject\",\"@id\":\"https:\/\/toshareproject.it\/artmakerblog\/#personlogo\",\"inLanguage\":\"en-GB\",\"url\":\"https:\/\/secure.gravatar.com\/avatar\/c390e8ed4db57a34278dcf667f928a643cf769a865c8a8632dcd310412bb9a99?s=96&d=mm&r=g\",\"contentUrl\":\"https:\/\/secure.gravatar.com\/avatar\/c390e8ed4db57a34278dcf667f928a643cf769a865c8a8632dcd310412bb9a99?s=96&d=mm&r=g\",\"caption\":\"Bruce Sterling\"},\"description\":\"Art director at Share Festival, author and journalist\",\"sameAs\":[\"http:\/\/toshareproject.it\/tomorrowart\"],\"url\":\"https:\/\/toshareproject.it\/artmakerblog\/author\/brucesterling\/\"}]}<\/script>\n<!-- \/ Yoast SEO plugin. -->","yoast_head_json":{"title":"Transmediale Open Call for Residencies | Artmaker Blog","description":"Transmediale Open Call for Residencies | Artmaker Blog","robots":{"index":"index","follow":"follow","max-snippet":"max-snippet:-1","max-image-preview":"max-image-preview:large","max-video-preview":"max-video-preview:-1"},"canonical":"https:\/\/toshareproject.it\/artmakerblog\/transmediale-open-call-for-residencies\/","og_locale":"en_GB","og_type":"article","og_title":"Transmediale Open Call for Residencies | Artmaker Blog","og_description":"Transmediale Open Call for Residencies | Artmaker Blog","og_url":"https:\/\/toshareproject.it\/artmakerblog\/transmediale-open-call-for-residencies\/","og_site_name":"Artmaker Blog","article_published_time":"2024-09-06T19:17:07+00:00","twitter_card":"summary_large_image","twitter_misc":{"Written by":"Bruce Sterling","Estimated reading time":"4 minutes"},"schema":{"@context":"https:\/\/schema.org","@graph":[{"@type":"WebSite","@id":"https:\/\/toshareproject.it\/artmakerblog\/#website","url":"https:\/\/toshareproject.it\/artmakerblog\/","name":"Artmaker Blog","description":"on Toshareproject.it - curated by Bruce Sterling","potentialAction":[{"@type":"SearchAction","target":{"@type":"EntryPoint","urlTemplate":"https:\/\/toshareproject.it\/artmakerblog\/?s={search_term_string}"},"query-input":"required name=search_term_string"}],"inLanguage":"en-GB"},{"@type":"WebPage","@id":"https:\/\/toshareproject.it\/artmakerblog\/transmediale-open-call-for-residencies\/#webpage","url":"https:\/\/toshareproject.it\/artmakerblog\/transmediale-open-call-for-residencies\/","name":"Transmediale Open Call for Residencies | Artmaker Blog","isPartOf":{"@id":"https:\/\/toshareproject.it\/artmakerblog\/#website"},"datePublished":"2024-09-06T19:17:07+00:00","dateModified":"2024-09-06T19:17:07+00:00","author":{"@id":"https:\/\/toshareproject.it\/artmakerblog\/#\/schema\/person\/6f20726ed2761431f3e0ff4e096c3085"},"description":"Transmediale Open Call for Residencies | Artmaker Blog","breadcrumb":{"@id":"https:\/\/toshareproject.it\/artmakerblog\/transmediale-open-call-for-residencies\/#breadcrumb"},"inLanguage":"en-GB","potentialAction":[{"@type":"ReadAction","target":["https:\/\/toshareproject.it\/artmakerblog\/transmediale-open-call-for-residencies\/"]}]},{"@type":"BreadcrumbList","@id":"https:\/\/toshareproject.it\/artmakerblog\/transmediale-open-call-for-residencies\/#breadcrumb","itemListElement":[{"@type":"ListItem","position":1,"name":"Home","item":"https:\/\/toshareproject.it\/artmakerblog\/"},{"@type":"ListItem","position":2,"name":"Transmediale Open Call for Residencies"}]},{"@type":"Person","@id":"https:\/\/toshareproject.it\/artmakerblog\/#\/schema\/person\/6f20726ed2761431f3e0ff4e096c3085","name":"Bruce Sterling","image":{"@type":"ImageObject","@id":"https:\/\/toshareproject.it\/artmakerblog\/#personlogo","inLanguage":"en-GB","url":"https:\/\/secure.gravatar.com\/avatar\/c390e8ed4db57a34278dcf667f928a643cf769a865c8a8632dcd310412bb9a99?s=96&d=mm&r=g","contentUrl":"https:\/\/secure.gravatar.com\/avatar\/c390e8ed4db57a34278dcf667f928a643cf769a865c8a8632dcd310412bb9a99?s=96&d=mm&r=g","caption":"Bruce Sterling"},"description":"Art director at Share Festival, author and journalist","sameAs":["http:\/\/toshareproject.it\/tomorrowart"],"url":"https:\/\/toshareproject.it\/artmakerblog\/author\/brucesterling\/"}]}},"_links":{"self":[{"href":"https:\/\/toshareproject.it\/artmakerblog\/wp-json\/wp\/v2\/posts\/4892","targetHints":{"allow":["GET"]}}],"collection":[{"href":"https:\/\/toshareproject.it\/artmakerblog\/wp-json\/wp\/v2\/posts"}],"about":[{"href":"https:\/\/toshareproject.it\/artmakerblog\/wp-json\/wp\/v2\/types\/post"}],"author":[{"embeddable":true,"href":"https:\/\/toshareproject.it\/artmakerblog\/wp-json\/wp\/v2\/users\/2"}],"replies":[{"embeddable":true,"href":"https:\/\/toshareproject.it\/artmakerblog\/wp-json\/wp\/v2\/comments?post=4892"}],"version-history":[{"count":1,"href":"https:\/\/toshareproject.it\/artmakerblog\/wp-json\/wp\/v2\/posts\/4892\/revisions"}],"predecessor-version":[{"id":4893,"href":"https:\/\/toshareproject.it\/artmakerblog\/wp-json\/wp\/v2\/posts\/4892\/revisions\/4893"}],"wp:attachment":[{"href":"https:\/\/toshareproject.it\/artmakerblog\/wp-json\/wp\/v2\/media?parent=4892"}],"wp:term":[{"taxonomy":"category","embeddable":true,"href":"https:\/\/toshareproject.it\/artmakerblog\/wp-json\/wp\/v2\/categories?post=4892"},{"taxonomy":"post_tag","embeddable":true,"href":"https:\/\/toshareproject.it\/artmakerblog\/wp-json\/wp\/v2\/tags?post=4892"}],"curies":[{"name":"wp","href":"https:\/\/api.w.org\/{rel}","templated":true}]}}