{"id":3576,"date":"2023-07-03T18:45:00","date_gmt":"2023-07-03T17:45:00","guid":{"rendered":"https:\/\/toshareproject.it\/artmakerblog\/?p=3576"},"modified":"2023-07-03T18:45:00","modified_gmt":"2023-07-03T17:45:00","slug":"v2_newsletter-july-2023","status":"publish","type":"post","link":"https:\/\/toshareproject.it\/artmakerblog\/v2_newsletter-july-2023\/","title":{"rendered":"V2_Newsletter July 2023"},"content":{"rendered":"<p>V2_Newsletter July 2023<br \/>\nSummer has started. The Summer Sessions residents for 2023 have been selected and a number of them will start to work at V2_ in the coming weeks. This Thursday 29 June 54 BPM, the graduation show of the Lens-based Media Masters of the Piet Zwart Institute, opens at (a.o.) V2_. Friday 30 June we&#8217;ll publish the second of Dennis de Bel&#8217;s 3&#215;3 radio shows. On 3 July V2_community welcomes the Holistic Technology Salon. The Tryday on 7 July  will feature work-in-progress from the Digital Flying Carpet residency, a collaboration between V2_ and Women Connected. We&#8217;re on Operator Radio on Thursday 13 July. The Tryday on 14 July features works that were developed during the Winter Sessions residencies. Last but not least in a week from now our new book Technological Accidents, Accidental Technologies will be available.<\/p>\n<p>54 BPM Graduation Show<br \/>\nThursday 29 June: 18:00-22:30h (Opening)<br \/>\nFriday 30 June: 12:00\u201321:00h<br \/>\nSaturday 1 July: 12:00\u201318:00h<br \/>\nSunday 2 July: 12:00\u201318:00h<br \/>\nV2_Lab for the Unstable Media &#038; UBIK<br \/>\nv2.nl\/events\/54-bpm<\/p>\n<p>54 BPM, the rate your heart drops to when diving into water. 54 BPM brings together film and video installations by 12 lens-based artists. We invite you to dive deep into 12 personal narrative approaches. Take time to slow down. Reduce your tempo to an adagio. Sink into these sonic and visual encounters.<\/p>\n<p>Go up to UBIK or down to V2_ and explore 2 sides of the same surface. Find 6 works at each level. Welcome to the grad show of the Lens-based Media Masters of the Piet Zwart Institute. Featuring<br \/>\nat V2_: Melek Bah\u00e7e, Garvan Corr, Aitan Ebrahimoff, Shannon Liang, Luca Ottmann, and Maru\u0161a Vehovar. At UBIK: Kotryna Buruckait\u0117, Yuqing Cao, Veere van Gent, Luis Luj\u00e1n, Mathilde Nai, and Pelle Nijburg.<\/p>\n<p>Curated by Florian Weigl, Garvan Corr, Aitan Ebrahimoff, and Shannon Liang. Thanks to TENT for support.<\/p>\n<p>3\u00d73: Dennis de Bel (online radio) II<br \/>\nRelease: Friday 30 June 2023, 18:00h<br \/>\nv2.nl\/events\/3&#215;3-dennis-de-bel-online-radio-ii<\/p>\n<p>During these 3\u00d73 sessions Dennis de Bel, Iris Long and V2_ experiment with the format of the radio programme in a series of loose-end, deep-dive conversations on the notion of planetary infrastructure\/mega-structures. The sessions take the form of a &#8216;zoom-in&#8217; journey across time, scale, altitudes and attitudes: from a bird\u2019s eye view (or is it a kite?) down to the ground to the insides of a cave, encompassing topics of planetary computation, data centers, geology, extraction, history of China\u2019s third-front movement, digital-colonialism and so forth. Each episode will be orchestrated with discussions and sound-recordings of data centers, caves and other related sites.<\/p>\n<p>The second chapter will be released on Friday 30 June via v2.nl\/events\/3&#215;3-dennis-de-bel-online-radio-ii. You can still listen to the first programme via v2.nl\/events\/3x3dennis-de-bel-online-radio-i.<\/p>\n<p>The Holistic Technology Salon<br \/>\nMonday 3 July 2023<br \/>\n19:30\u201321:30h<br \/>\nV2_Lab for the Unstable Media<br \/>\nLimited spots, to sign up please email sieta@v2.nl<br \/>\nv2.nl\/events\/v2_community-invites-the-holistic-technology-salon<\/p>\n<p>On Monday 3 July V2_Community invites The Holistic Technology Salon. This is an invitation to co-create alternative futures through multidimensional conversations. In a series of community encounters we will use different types of knowledge \u2013 rooted in corporeal and mystical practices \u2013 to weave new, holistic ways of being with technology. In a participatory setting we will explore how to integrate eco- and care-centric perspectives into our relationship with contemporary and future technologies through direct experience. The Holistic Technology Salon is hosted by Annika Kappner, Ginerva Petrozzi and Sieta van Horck. We have limited spots, to sign up please email sieta@v2.nl<\/p>\n<p>Tryday: The Digital Flying Carpet Open Studio<br \/>\nFriday 7 July 2023<br \/>\n18:00\u201321:00h<br \/>\nV2_Lab for the Unstable Media<br \/>\nFree entrance<br \/>\nv2.nl\/events\/tryday-the-digital-flying-carpet-open-studio<\/p>\n<p>This Tryday will feature work-in-progress from the Digital Flying Carpet residency, a collaboration between V2_ and Women Connected. Artist-in-residence Robin Rutenberg will test an interactive AR sculpture that reveals a digital sonic library filled with voices and stories from the Women Connected community. Artist-in-residence Laura Rodriguez will test an installation that maps electrical activity in the brain to knitting patterns to render emotions from the community\u2019s stories in digital fabrics. We are open from 18:00 to 21:00h, entrance is free!<\/p>\n<p>V2_ at Operator Radio VII<br \/>\nThursday 13 July 2023<br \/>\n15:00\u201316:00h<br \/>\nTune in at Operator Radio live, or listen later when the show is archived<br \/>\nv2.nl\/events\/v2_-at-operator-radio-2023-vii<\/p>\n<p>Every second Thursday of the month V2_ makes an hour of live radio at Operator Radio, the online radio station of Rotterdam. Steffan Hofland, Alex Falk, and\/or Arie Altena discuss the program of V2_, and what goes on in the world of art &#038; technology. They spin some of their favorite music, hoping to surprise the listener, and they dig into the history of V2_. Sometimes they invite guests too. Tune in at www.operator-radio.com on Thursday 13 July 15:00h.<\/p>\n<p>Tryday: Winter Sessions 2023<br \/>\nFriday 14 July 2023<br \/>\n18:00\u201321:00h<br \/>\nV2_Lab for the Unstable Media<br \/>\nFree entrance<br \/>\nv2.nl\/events\/tryday-winter-sessions-2023<\/p>\n<p>In the week of 13-17 February 2023 four artists worked at V2_ on new projects or the development of existing works. They will present the results of their Winter Sessions residencies on this Tryday. Riccardo Santalucia shows No Flags No Wind, Kurina Sohn presents Deepest Unknown, Lana Mesi\u0107 presents MATCH, and Daniel Simu presents the further development of Acrobotics. The \u2018Trydays\u2019 are one-off events that take place on a Friday during the Kunstavond between 18:00\u201321:00h. With the Trydays artists are given an opportunity to \u2018try-out\u2019 a new work, installation or performance. Entrance is free.<\/p>\n<p>Summer Sessions Artists 2023<br \/>\nv2.nl\/blog\/summer-sessions-artists-for-2023<\/p>\n<p>The Summer Sessions residencies 2023 will start in a few weeks from now. 12 artists were selected who will do a residency either at V2_, or one of the other partner organisations for 2023: Tabakalera, Cairotronica, Metamedia, TEKS, and Sardegna Teatro. The selected artists are Sarah Fitterer, Leon Lapa Pereira, Yeon Sung, Jesus Canuto Iglesias, Erik Peters, Luana Loji\u0107, Tim H\u00f8ijberg, and Ali Talaat (all will do a residency at V2_), as well as Sophie Mars &#038; Quintus Glerum, Federica Marra, and Siyu Liu.<\/p>\n<p>The Summer Sessions are short-term international art and technology residencies for emerging artists and designers. A network of cultural organizations all over the world sponsors and hosts the residencies. Every summer we offer early-career artists and designers support so they can take part in production residencies abroad. If selected, you will gain an opportunity to work in a highly productive atmosphere with support, feedback and expert supervision. Each Summer Sessions residency lasts approximately eight weeks and takes place between July and September. During this period you will develop your project from concept to presentable work, ready to show.<\/p>\n<p>Technological Accidents, Accidental Technologies<br \/>\nNew publication by V2_. Available next week!<br \/>\nv2.nl\/publications\/technological-accidents-accidental-technologies<\/p>\n<p>\u201cEach period of technological development, with its instruments and machines, brings its share of specialized accidents\u201d (Virilio). But a reversal could also be true: accidents produce technologies. In this publication we inquire into a technology of accidents, but also into the forms of power and authority that accidents materialize. What are the specific accidents of \u2013 call them what you wish: artificial intelligence, machine learning, enhanced pattern recognition \u2013 systems? What do accidents tell us about the technology that generates them? How are these technological failures tied up with the creation and recreation of economic rationalities? And do the events that come to mind really qualify as \u201caccidents,\u201d or are they rather extended forms of functionality, which may be undesired, but not dysfunctional in the way that the derailment of a train appears dysfunctional?<\/p>\n<p>Edited by Joke Brouwer &#038; Sjoerd van Tuinen. Featuring contributions by Erik Bordeleau, Vera B\u00fchlmann, Paolo Cirio, Florian Cramer &#038; Elaine W. Ho, Ezekiel Dixon-Rom\u00e1n, Driessens &#038; Verstappen, Stefano Harney, Lev Avitan, Willem\u2008Schinkel, Rogier\u2008Van\u2008Reekum, Yuk Hui, C\u00e9cile Malaspina, Jason\u2008W. Moore, Lars Spuybroek and Sjoerd\u2008van\u2008Tuinen.<\/p>\n<p>Available next week!<\/p>\n<p>Your Donation is Appreciated<br \/>\nv2.nl\/donate<\/p>\n<p>Pick the donation of your choice:<br \/>\n5   10   25   50   100   250  Euro<br \/>\nV2_Lab for the Unstable Media is a nonprofit organization for art and media technology that relies on public support. V2_ presents, produces, archives and publishes research at the interface of art, technology and society. By making a donation, you contribute to the realization of V2_\u2019s programs, books, events and projects on the intersection of art, technology and society. Your donation helps us to realize the projects we are currently working on: the Test_Labs, Summer Sessions, the 3&#215;3-series, the V2_Community-events, our expert meetings, fellowships and publications. V2_ participates also in Ik was hier 010. Your help is needed more than ever.<\/p>\n<p>Email not your thing? You can also follow V2_ on the social medium of your choice: <\/p>\n<p>Facebook  | Instagram<\/p>\n<p>The activities at V2_ are made possible thanks to financial support from the Creative Industries Fund NL and the City of Rotterdam. Several projects are made possible thanks to funding by amongst others Mondriaan Fund, NWO Smart Cultures, and the Creative Europe Programma of the EU. <\/p>\n","protected":false},"excerpt":{"rendered":"<p>V2_Newsletter July 2023 Summer has started. The Summer Sessions residents for 2023 have been selected and a number of them will start to work at V2_ in the coming weeks. This Thursday 29 June 54 BPM, the graduation show of the Lens-based Media Masters of the Piet Zwart Institute, opens at (a.o.) V2_. Friday 30 [&hellip;]<\/p>\n","protected":false},"author":2,"featured_media":0,"comment_status":"open","ping_status":"open","sticky":false,"template":"","format":"standard","meta":{"footnotes":""},"categories":[1],"tags":[],"class_list":["post-3576","post","type-post","status-publish","format-standard","hentry","category-uncategorised"],"yoast_head":"<!-- This site is optimized with the Yoast SEO plugin v17.0 - https:\/\/yoast.com\/wordpress\/plugins\/seo\/ -->\n<title>V2_Newsletter July 2023 | Artmaker Blog<\/title>\n<meta name=\"description\" content=\"V2_Newsletter July 2023 | Artmaker Blog\" \/>\n<meta name=\"robots\" content=\"index, follow, max-snippet:-1, max-image-preview:large, max-video-preview:-1\" \/>\n<link rel=\"canonical\" href=\"https:\/\/toshareproject.it\/artmakerblog\/v2_newsletter-july-2023\/\" \/>\n<meta property=\"og:locale\" content=\"en_GB\" \/>\n<meta property=\"og:type\" content=\"article\" \/>\n<meta property=\"og:title\" content=\"V2_Newsletter July 2023 | Artmaker Blog\" \/>\n<meta property=\"og:description\" content=\"V2_Newsletter July 2023 | Artmaker Blog\" \/>\n<meta property=\"og:url\" content=\"https:\/\/toshareproject.it\/artmakerblog\/v2_newsletter-july-2023\/\" \/>\n<meta property=\"og:site_name\" content=\"Artmaker Blog\" \/>\n<meta property=\"article:published_time\" content=\"2023-07-03T17:45:00+00:00\" \/>\n<meta name=\"twitter:card\" content=\"summary_large_image\" \/>\n<meta name=\"twitter:label1\" content=\"Written by\" \/>\n\t<meta name=\"twitter:data1\" content=\"Bruce Sterling\" \/>\n\t<meta name=\"twitter:label2\" content=\"Estimated reading time\" \/>\n\t<meta name=\"twitter:data2\" content=\"7 minutes\" \/>\n<script type=\"application\/ld+json\" class=\"yoast-schema-graph\">{\"@context\":\"https:\/\/schema.org\",\"@graph\":[{\"@type\":\"WebSite\",\"@id\":\"https:\/\/toshareproject.it\/artmakerblog\/#website\",\"url\":\"https:\/\/toshareproject.it\/artmakerblog\/\",\"name\":\"Artmaker Blog\",\"description\":\"on Toshareproject.it - curated by Bruce Sterling\",\"potentialAction\":[{\"@type\":\"SearchAction\",\"target\":{\"@type\":\"EntryPoint\",\"urlTemplate\":\"https:\/\/toshareproject.it\/artmakerblog\/?s={search_term_string}\"},\"query-input\":\"required name=search_term_string\"}],\"inLanguage\":\"en-GB\"},{\"@type\":\"WebPage\",\"@id\":\"https:\/\/toshareproject.it\/artmakerblog\/v2_newsletter-july-2023\/#webpage\",\"url\":\"https:\/\/toshareproject.it\/artmakerblog\/v2_newsletter-july-2023\/\",\"name\":\"V2_Newsletter July 2023 | Artmaker Blog\",\"isPartOf\":{\"@id\":\"https:\/\/toshareproject.it\/artmakerblog\/#website\"},\"datePublished\":\"2023-07-03T17:45:00+00:00\",\"dateModified\":\"2023-07-03T17:45:00+00:00\",\"author\":{\"@id\":\"https:\/\/toshareproject.it\/artmakerblog\/#\/schema\/person\/6f20726ed2761431f3e0ff4e096c3085\"},\"description\":\"V2_Newsletter July 2023 | Artmaker Blog\",\"breadcrumb\":{\"@id\":\"https:\/\/toshareproject.it\/artmakerblog\/v2_newsletter-july-2023\/#breadcrumb\"},\"inLanguage\":\"en-GB\",\"potentialAction\":[{\"@type\":\"ReadAction\",\"target\":[\"https:\/\/toshareproject.it\/artmakerblog\/v2_newsletter-july-2023\/\"]}]},{\"@type\":\"BreadcrumbList\",\"@id\":\"https:\/\/toshareproject.it\/artmakerblog\/v2_newsletter-july-2023\/#breadcrumb\",\"itemListElement\":[{\"@type\":\"ListItem\",\"position\":1,\"name\":\"Home\",\"item\":\"https:\/\/toshareproject.it\/artmakerblog\/\"},{\"@type\":\"ListItem\",\"position\":2,\"name\":\"V2_Newsletter July 2023\"}]},{\"@type\":\"Person\",\"@id\":\"https:\/\/toshareproject.it\/artmakerblog\/#\/schema\/person\/6f20726ed2761431f3e0ff4e096c3085\",\"name\":\"Bruce Sterling\",\"image\":{\"@type\":\"ImageObject\",\"@id\":\"https:\/\/toshareproject.it\/artmakerblog\/#personlogo\",\"inLanguage\":\"en-GB\",\"url\":\"https:\/\/secure.gravatar.com\/avatar\/c390e8ed4db57a34278dcf667f928a643cf769a865c8a8632dcd310412bb9a99?s=96&d=mm&r=g\",\"contentUrl\":\"https:\/\/secure.gravatar.com\/avatar\/c390e8ed4db57a34278dcf667f928a643cf769a865c8a8632dcd310412bb9a99?s=96&d=mm&r=g\",\"caption\":\"Bruce Sterling\"},\"description\":\"Art director at Share Festival, author and journalist\",\"sameAs\":[\"http:\/\/toshareproject.it\/tomorrowart\"],\"url\":\"https:\/\/toshareproject.it\/artmakerblog\/author\/brucesterling\/\"}]}<\/script>\n<!-- \/ Yoast SEO plugin. -->","yoast_head_json":{"title":"V2_Newsletter July 2023 | Artmaker Blog","description":"V2_Newsletter July 2023 | Artmaker Blog","robots":{"index":"index","follow":"follow","max-snippet":"max-snippet:-1","max-image-preview":"max-image-preview:large","max-video-preview":"max-video-preview:-1"},"canonical":"https:\/\/toshareproject.it\/artmakerblog\/v2_newsletter-july-2023\/","og_locale":"en_GB","og_type":"article","og_title":"V2_Newsletter July 2023 | Artmaker Blog","og_description":"V2_Newsletter July 2023 | Artmaker Blog","og_url":"https:\/\/toshareproject.it\/artmakerblog\/v2_newsletter-july-2023\/","og_site_name":"Artmaker Blog","article_published_time":"2023-07-03T17:45:00+00:00","twitter_card":"summary_large_image","twitter_misc":{"Written by":"Bruce Sterling","Estimated reading time":"7 minutes"},"schema":{"@context":"https:\/\/schema.org","@graph":[{"@type":"WebSite","@id":"https:\/\/toshareproject.it\/artmakerblog\/#website","url":"https:\/\/toshareproject.it\/artmakerblog\/","name":"Artmaker Blog","description":"on Toshareproject.it - curated by Bruce Sterling","potentialAction":[{"@type":"SearchAction","target":{"@type":"EntryPoint","urlTemplate":"https:\/\/toshareproject.it\/artmakerblog\/?s={search_term_string}"},"query-input":"required name=search_term_string"}],"inLanguage":"en-GB"},{"@type":"WebPage","@id":"https:\/\/toshareproject.it\/artmakerblog\/v2_newsletter-july-2023\/#webpage","url":"https:\/\/toshareproject.it\/artmakerblog\/v2_newsletter-july-2023\/","name":"V2_Newsletter July 2023 | Artmaker Blog","isPartOf":{"@id":"https:\/\/toshareproject.it\/artmakerblog\/#website"},"datePublished":"2023-07-03T17:45:00+00:00","dateModified":"2023-07-03T17:45:00+00:00","author":{"@id":"https:\/\/toshareproject.it\/artmakerblog\/#\/schema\/person\/6f20726ed2761431f3e0ff4e096c3085"},"description":"V2_Newsletter July 2023 | Artmaker Blog","breadcrumb":{"@id":"https:\/\/toshareproject.it\/artmakerblog\/v2_newsletter-july-2023\/#breadcrumb"},"inLanguage":"en-GB","potentialAction":[{"@type":"ReadAction","target":["https:\/\/toshareproject.it\/artmakerblog\/v2_newsletter-july-2023\/"]}]},{"@type":"BreadcrumbList","@id":"https:\/\/toshareproject.it\/artmakerblog\/v2_newsletter-july-2023\/#breadcrumb","itemListElement":[{"@type":"ListItem","position":1,"name":"Home","item":"https:\/\/toshareproject.it\/artmakerblog\/"},{"@type":"ListItem","position":2,"name":"V2_Newsletter July 2023"}]},{"@type":"Person","@id":"https:\/\/toshareproject.it\/artmakerblog\/#\/schema\/person\/6f20726ed2761431f3e0ff4e096c3085","name":"Bruce Sterling","image":{"@type":"ImageObject","@id":"https:\/\/toshareproject.it\/artmakerblog\/#personlogo","inLanguage":"en-GB","url":"https:\/\/secure.gravatar.com\/avatar\/c390e8ed4db57a34278dcf667f928a643cf769a865c8a8632dcd310412bb9a99?s=96&d=mm&r=g","contentUrl":"https:\/\/secure.gravatar.com\/avatar\/c390e8ed4db57a34278dcf667f928a643cf769a865c8a8632dcd310412bb9a99?s=96&d=mm&r=g","caption":"Bruce Sterling"},"description":"Art director at Share Festival, author and journalist","sameAs":["http:\/\/toshareproject.it\/tomorrowart"],"url":"https:\/\/toshareproject.it\/artmakerblog\/author\/brucesterling\/"}]}},"_links":{"self":[{"href":"https:\/\/toshareproject.it\/artmakerblog\/wp-json\/wp\/v2\/posts\/3576","targetHints":{"allow":["GET"]}}],"collection":[{"href":"https:\/\/toshareproject.it\/artmakerblog\/wp-json\/wp\/v2\/posts"}],"about":[{"href":"https:\/\/toshareproject.it\/artmakerblog\/wp-json\/wp\/v2\/types\/post"}],"author":[{"embeddable":true,"href":"https:\/\/toshareproject.it\/artmakerblog\/wp-json\/wp\/v2\/users\/2"}],"replies":[{"embeddable":true,"href":"https:\/\/toshareproject.it\/artmakerblog\/wp-json\/wp\/v2\/comments?post=3576"}],"version-history":[{"count":1,"href":"https:\/\/toshareproject.it\/artmakerblog\/wp-json\/wp\/v2\/posts\/3576\/revisions"}],"predecessor-version":[{"id":3577,"href":"https:\/\/toshareproject.it\/artmakerblog\/wp-json\/wp\/v2\/posts\/3576\/revisions\/3577"}],"wp:attachment":[{"href":"https:\/\/toshareproject.it\/artmakerblog\/wp-json\/wp\/v2\/media?parent=3576"}],"wp:term":[{"taxonomy":"category","embeddable":true,"href":"https:\/\/toshareproject.it\/artmakerblog\/wp-json\/wp\/v2\/categories?post=3576"},{"taxonomy":"post_tag","embeddable":true,"href":"https:\/\/toshareproject.it\/artmakerblog\/wp-json\/wp\/v2\/tags?post=3576"}],"curies":[{"name":"wp","href":"https:\/\/api.w.org\/{rel}","templated":true}]}}